{"id":426,"date":"2024-04-04T12:11:11","date_gmt":"2024-04-04T10:11:11","guid":{"rendered":"https:\/\/koalaescuelas.es\/gloriafuertes\/?p=426"},"modified":"2024-04-04T12:11:12","modified_gmt":"2024-04-04T10:11:12","slug":"escolarizacion-2024-2025","status":"publish","type":"post","link":"https:\/\/koalaescuelas.es\/gloriafuertes\/escolarizacion-2024-2025\/","title":{"rendered":"ESCOLARIZACI\u00d3N 2024-2025"},"content":{"rendered":"\n<p class=\"has-text-color\" style=\"color:#1474ab;font-size:30px\"><strong>CALENDARIO ESCOLARIZACI\u00d3N 24-25<\/strong><\/p>\n\n\n\n<figure class=\"wp-block-image aligncenter size-large\"><img fetchpriority=\"high\" decoding=\"async\" width=\"741\" height=\"1024\" src=\"https:\/\/koalaescuelas.es\/gloriafuertes\/wp-content\/uploads\/sites\/39\/2024\/04\/CALENDARIO-ESCOLARIZACION-FECHA-NEGRA-741x1024.png\" alt=\"\" class=\"wp-image-427\" srcset=\"https:\/\/koalaescuelas.es\/gloriafuertes\/wp-content\/uploads\/sites\/39\/2024\/04\/CALENDARIO-ESCOLARIZACION-FECHA-NEGRA-741x1024.png 741w, https:\/\/koalaescuelas.es\/gloriafuertes\/wp-content\/uploads\/sites\/39\/2024\/04\/CALENDARIO-ESCOLARIZACION-FECHA-NEGRA-217x300.png 217w, https:\/\/koalaescuelas.es\/gloriafuertes\/wp-content\/uploads\/sites\/39\/2024\/04\/CALENDARIO-ESCOLARIZACION-FECHA-NEGRA-768x1061.png 768w, https:\/\/koalaescuelas.es\/gloriafuertes\/wp-content\/uploads\/sites\/39\/2024\/04\/CALENDARIO-ESCOLARIZACION-FECHA-NEGRA-1112x1536.png 1112w, https:\/\/koalaescuelas.es\/gloriafuertes\/wp-content\/uploads\/sites\/39\/2024\/04\/CALENDARIO-ESCOLARIZACION-FECHA-NEGRA-1200x1657.png 1200w, https:\/\/koalaescuelas.es\/gloriafuertes\/wp-content\/uploads\/sites\/39\/2024\/04\/CALENDARIO-ESCOLARIZACION-FECHA-NEGRA.png 1448w\" sizes=\"(max-width: 741px) 100vw, 741px\" \/><\/figure>\n\n\n\n<p><\/p>\n\n\n\n<p><\/p>\n\n\n\n<p class=\"has-text-color\" style=\"color:#1474ab;font-size:30px\"><strong>JORNADA DE PUERTAS ABIERTAS<\/strong><\/p>\n\n\n\n<p>Con motivo de la escolarizaci\u00f3n para el curso 24-25, la Escuela Infantil Gloria Fuertes abre una nueva fecha para las jornadas de puertas abiertas, ser\u00e1 el d\u00eda <strong><em>25 de Abril <\/em><\/strong>a las <strong><em>16:45 horas<\/em><\/strong>.<\/p>\n\n\n\n<p>Ap\u00fantate y ven a conocernos!<\/p>\n\n\n\n<p><\/p>\n\n\n\n<p><\/p>\n","protected":false},"excerpt":{"rendered":"<p>CALENDARIO ESCOLARIZACI\u00d3N 24-25 JORNADA DE PUERTAS ABIERTAS Con motivo de la escolarizaci\u00f3n para el curso 24-25, la Escuela Infantil Gloria Fuertes abre una nueva fecha para las jornadas de puertas abiertas, ser\u00e1 el d\u00eda 25 de Abril a las 16:45 horas. Ap\u00fantate y ven a conocernos!<\/p>\n","protected":false},"author":41,"featured_media":0,"comment_status":"open","ping_status":"open","sticky":false,"template":"","format":"standard","meta":{"_acf_changed":false,"footnotes":""},"categories":[1],"tags":[],"class_list":["post-426","post","type-post","status-publish","format-standard","hentry","category-sin-categoria"],"acf":[],"_links":{"self":[{"href":"https:\/\/koalaescuelas.es\/gloriafuertes\/wp-json\/wp\/v2\/posts\/426","targetHints":{"allow":["GET"]}}],"collection":[{"href":"https:\/\/koalaescuelas.es\/gloriafuertes\/wp-json\/wp\/v2\/posts"}],"about":[{"href":"https:\/\/koalaescuelas.es\/gloriafuertes\/wp-json\/wp\/v2\/types\/post"}],"author":[{"embeddable":true,"href":"https:\/\/koalaescuelas.es\/gloriafuertes\/wp-json\/wp\/v2\/users\/41"}],"replies":[{"embeddable":true,"href":"https:\/\/koalaescuelas.es\/gloriafuertes\/wp-json\/wp\/v2\/comments?post=426"}],"version-history":[{"count":0,"href":"https:\/\/koalaescuelas.es\/gloriafuertes\/wp-json\/wp\/v2\/posts\/426\/revisions"}],"wp:attachment":[{"href":"https:\/\/koalaescuelas.es\/gloriafuertes\/wp-json\/wp\/v2\/media?parent=426"}],"wp:term":[{"taxonomy":"category","embeddable":true,"href":"https:\/\/koalaescuelas.es\/gloriafuertes\/wp-json\/wp\/v2\/categories?post=426"},{"taxonomy":"post_tag","embeddable":true,"href":"https:\/\/koalaescuelas.es\/gloriafuertes\/wp-json\/wp\/v2\/tags?post=426"}],"curies":[{"name":"wp","href":"https:\/\/api.w.org\/{rel}","templated":true}]}}